{"id":276,"date":"2020-08-02T17:33:52","date_gmt":"2020-08-02T17:33:52","guid":{"rendered":"https:\/\/trotzdem.org\/?p=276"},"modified":"2024-01-08T12:01:54","modified_gmt":"2024-01-08T12:01:54","slug":"aktuelle-termine","status":"publish","type":"post","link":"https:\/\/trotzdem.org\/?p=276","title":{"rendered":"Aktuelle Termine"},"content":{"rendered":"\n<h3 class=\"has-vivid-purple-color has-text-color\">                           &#8212;&#8212; 2021 &#8212;&#8212;<\/h3>\n\n\n\n<p><\/p>\n\n\n\n<h2 class=\"has-vivid-purple-color has-text-color\" style=\"font-size:22px\">             <\/h2>\n\n\n\n<p class=\"has-vivid-purple-color has-text-color has-normal-font-size\"><strong>13.01. PensionistenKlub &#8211; Wien<\/strong> <\/p>\n\n\n\n<p class=\"has-vivid-purple-color has-text-color has-normal-font-size\">           <strong> Zoom &#8211; Meeting (Meeting Nr. per Messenger \/ E-Mail anfordern)<\/strong><\/p>\n\n\n\n<p class=\"has-vivid-purple-color has-text-color has-medium-font-size\"><strong>28.01. WHO &#8211; Expert Panel<\/strong> <\/p>\n\n\n\n<p class=\"has-vivid-purple-color has-text-color has-medium-font-size\">                         <strong>(nur geladene TN)<\/strong><\/p>\n\n\n\n<h3 class=\"has-luminous-vivid-amber-color has-text-color\"><\/h3>\n\n\n\n<p class=\"has-luminous-vivid-amber-color has-text-color\" style=\"font-size:21px\">22.02.2021 Alzheimer &#8211; Nationalkonferenz Bukarest (Webinar &#8211; nur geladene TN)<\/p>\n\n\n\n<p class=\"has-vivid-purple-color has-text-color\" style=\"font-size:21px\">25.02.2021 WHO &#8211; Expert Panel <br>Zoom-Meeting (nur geladene TN)<\/p>\n\n\n\n<p><\/p>\n\n\n\n<p class=\"has-vivid-purple-color has-text-color\" style=\"font-size:22px\">04.03.2021 DZNE &#8211; Movement for pwd &#8211; geladene TN<\/p>\n\n\n\n<p class=\"has-luminous-vivid-amber-color has-text-color\" style=\"font-size:22px\">09.03.2021 Promenz &#8211; Wien &#8211; Identit\u00e4tspolitik im Demenzbereich &#8211; Webinar<\/p>\n\n\n\n<p><\/p>\n\n\n\n<p class=\"has-vivid-purple-color has-text-color\" style=\"font-size:24px\"><strong>Medien aktuell<\/strong><\/p>\n\n\n\n<p class=\"has-luminous-vivid-amber-color has-text-color\" style=\"font-size:24px\"> <a href=\"https:\/\/www.wienerzeitung.at\/nachrichten\/chronik\/leben\/2096960-Keine-Angst-wir-sind-Sieger.html?fbclid=IwAR0wVXheeHq3Pu81F2aqThra4vZpRWMs-VXn5yHLfeh_Sd28wPnxNxplug4\" class=\"rank-math-link\" target=\"_blank\" rel=\"noopener\">https:\/\/www.wienerzeitung.at\/nachrichten\/chronik\/leben\/2096960-Keine-Angst-wir-sind-Sieger.html?fbclid=IwAR0wVXheeHq3Pu81F2aqThra4vZpRWMs-VXn5yHLfeh_Sd28wPnxNxplug4<\/a><\/p>\n\n\n\n<h4 class=\"has-vivid-purple-color has-text-color\">18.03.2021 Soci\u00e9t\u00e9 Gerontologie &#8211; Paris &#8211; Universit\u00e9 Gernoble &#8211; geladene TN<\/h4>\n\n\n\n<p class=\"has-luminous-vivid-amber-color has-text-color\" style=\"font-size:26px\">23.03.2021 Tonstudio M\u00fcnchen &#8211; Podcast <\/p>\n\n\n\n<p class=\"has-vivid-purple-color has-text-color\" style=\"font-size:25px\">08.04.2021 WHO Expert Panel &#8211; geladene TN<\/p>\n\n\n\n<p class=\"has-luminous-vivid-amber-color has-text-color\" style=\"font-size:26px\">14.04.2021 DZNE &#8211; Patientenbeirat<br><\/p>\n\n\n\n<p class=\"has-luminous-vivid-amber-color has-text-color\" style=\"font-size:22px\">23.04.2021 AE Webinar &#8211; Das Verk\u00f6rperte Selbst in der Demenz<\/p>\n\n\n\n<p class=\"has-vivid-green-cyan-color has-text-color\" style=\"font-size:24px\"><strong>01.05.2021 &#8211; 01.06.2021 Kreative Auszeit<\/strong><\/p>\n\n\n\n<p class=\"has-text-align-left has-vivid-purple-color has-white-background-color has-text-color has-background\" style=\"font-size:21px\">Di.08.06.2021 BR Studio &#8211; Podcast<\/p>\n\n\n\n<p class=\"has-luminous-vivid-amber-color has-text-color\" style=\"font-size:22px\">22.06.2021 Uni Zams \/ Innsbruck -Vortrag<\/p>\n\n\n\n<p class=\"has-vivid-red-color has-text-color\" style=\"font-size:22px\"><strong> <\/strong><br>29.06.2021 &#8211; DZNE: EU Atlas Migration und Demenz<\/p>\n\n\n\n<p class=\"has-luminous-vivid-amber-color has-text-color\" style=\"font-size:22px\">06.07.2021 &#8211; DZNE Webinar &#8211; Navigation and PWD<\/p>\n\n\n\n<p class=\"has-vivid-purple-color has-text-color\" style=\"font-size:23px\">14.07.2021 &#8211; Demenzraum &#8211; Wien: Webinar Polizei und Menschen mit Demenz<\/p>\n\n\n\n<p class=\"has-luminous-vivid-amber-color has-text-color\" style=\"font-size:22px\">16.07-18.07.2021 &#8211; Hof Rickenbach \/ Luzern &#8211; Projekt<\/p>\n\n\n\n<p class=\"has-vivid-purple-color has-text-color\" style=\"font-size:23px\">19.08.2021 &#8211; WHO  Brain Health Unit &#8211; Webinar<\/p>\n\n\n\n<p class=\"has-luminous-vivid-amber-color has-text-color\" style=\"font-size:23px\">15.09.2021 &#8211; Uni Regensburg &#8211; Vortrag<\/p>\n\n\n\n<p class=\"has-vivid-purple-color has-text-color\" style=\"font-size:23px\">16.09.-17.09.2021 Pflege in Balance &#8211; Workshop &#8211; K\u00f6ln<\/p>\n\n\n\n<p class=\"has-vivid-green-cyan-color has-text-color\" style=\"font-size:23px\">20.09.-21.09.2021 Alto Adige \/ Monika Kripp &#8211; Workshop &#8211; Bozen &#8211; Welt-Alzheimer-Tag<\/p>\n\n\n\n<p class=\"has-vivid-purple-color has-text-color\" style=\"font-size:23px\">21.09.2021 17:00-19:00 Uhr Demenz-RAUM, Wien &#8211; Vortrag<br><\/p>\n\n\n\n<p class=\"has-luminous-vivid-amber-color has-text-color\" style=\"font-size:22px\">25.-26.09.2021 Hof Rickenbach \/ Luzern &#8211; Er\u00f6ffnung Demenzzentrum <\/p>\n\n\n\n<p class=\"has-vivid-red-color has-text-color has-medium-font-size\">17.-29.09.2021<\/p>\n\n\n\n<p class=\"has-vivid-red-color has-light-green-cyan-background-color has-text-color has-background\">DEMENZ IST ANDERS &#8211; ONLINE SYMPOSIUM ( Anmeldung \u00fcber Facebook-Link)<\/p>\n\n\n\n<p class=\"has-vivid-purple-color has-text-color\" style=\"font-size:22px\">26. &#8211; 30.10.2021 S\u00fcd-Ost-Europa Demenzkonferenz &#8211; Wien\/ Donauuniversit\u00e4t Krems<\/p>\n\n\n\n<p class=\"has-luminous-vivid-amber-color has-text-color\" style=\"font-size:22px\">01.11.2021 WDC (World Dementia Council) &#8211; London &#8211; Webinar<\/p>\n\n\n\n<p><\/p>\n\n\n\n<p class=\"has-vivid-purple-color has-text-color\" style=\"font-size:22px\">17. &#8211; 19.11.2021 DZNE in Bonn; Universit\u00e4t Witten\/Herdecke &#8211; TanDEM; Workshop PhD <\/p>\n\n\n\n<p><\/p>\n\n\n\n<p class=\"has-vivid-green-cyan-color has-text-color\" style=\"font-size:22px\">25.11.2021 St. Anton in Tirol &#8211; &#8222;Chaos im Kopf&#8220; \/ Vortrag &#8211; Orga: Verein Lichtblick<\/p>\n\n\n\n<p><\/p>\n\n\n\n<p class=\"has-vivid-purple-color has-text-color\" style=\"font-size:22px\">13.- 15.12.2021 WHO &#8211; 10th Global Health Conference &#8211; Hybrid G\u00e9n\u00e8ve &#8211; Panelist <\/p>\n\n\n\n<p><\/p>\n\n\n\n<p style=\"font-size:25px\"><em><span class=\"has-inline-color has-vivid-red-color\"><strong>Frohes Fest! &#8211; Merry Christmas! <\/strong><\/span><\/em><\/p>\n\n\n\n<p><\/p>\n\n\n\n<p style=\"font-size:22px\"><mark style=\"background-color:rgba(0, 0, 0, 0)\" class=\"has-inline-color has-vivid-red-color\">&#8212;&#8212;&#8212; \/\/ &#8212;&#8212;&#8212; 2022 &#8212;&#8212;&#8212;&#8212; \/\/&#8212;&#8212;&#8212;-<\/mark><\/p>\n\n\n\n<p class=\"has-luminous-vivid-amber-color has-text-color\" style=\"font-size:22px\">13.01.2022 Workshop Alzheimer France &#8211; Zoom &#8211; Paris<\/p>\n\n\n\n<p class=\"has-luminous-vivid-amber-color has-text-color\" style=\"font-size:22px\"><span class=\"has-inline-color has-luminous-vivid-orange-color\"><\/span>25.01.2022 DZNE Patientenbeirat Workshop Gesundheits App &#8211; DZNE Bonn<\/p>\n\n\n\n<p class=\"has-luminous-vivid-amber-color has-text-color\" style=\"font-size:22px\">27.01.2022 DZNE Patientenbeirat Klinische Forschung Panel &#8211; DZNE<\/p>\n\n\n\n<p class=\"has-vivid-purple-color has-text-color\" style=\"font-size:22px\">10.02.2022 WHO Brain Health Unit &#8211; Zoom<\/p>\n\n\n\n<p class=\"has-vivid-purple-color has-text-color\" style=\"font-size:22px\">10.02.2022 Podcast Hirn &amp; Heinrich<\/p>\n\n\n\n<p class=\"has-vivid-purple-color has-text-color\" style=\"font-size:22px\">11.02.2022 Vortrag &#8222;Nichts \u00fcber uns ohne uns&#8220; &#8211; (Partizipative Forschung) &#8211; Universit\u00e4t Frankfurt <\/p>\n\n\n\n<p class=\"has-luminous-vivid-amber-color has-text-color\" style=\"font-size:22px\">14.03.2022 DZNE Workshop &#8222;Demenzfreundliches Krankenhaus&#8220;<\/p>\n\n\n\n<p class=\"has-luminous-vivid-amber-color has-text-color\" style=\"font-size:22px\">22.03.2022 DZNE &#8211; USA (TaNDEM &#8211; geladene TN) <\/p>\n\n\n\n<p class=\"has-luminous-vivid-amber-color has-text-color\" style=\"font-size:22px\">31.03.2022 DZNE Workshop &#8222;Demenzfreundliches Krankenhaus&#8220;<\/p>\n\n\n\n<p class=\"has-luminous-vivid-amber-color has-text-color\" style=\"font-size:22px\">31.03.2022 DZNE Patientenbeirat<\/p>\n\n\n\n<p class=\"has-vivid-red-color has-text-color\" style=\"font-size:24px\">14.04.2022 &#8211; WHO Brain Health Unit &#8211; Workshop<\/p>\n\n\n\n<p class=\"has-vivid-red-color has-text-color\" style=\"font-size:22px\">28.04.2022 &#8211; JATROS ( Fachmagazin Neuro \/ Psychiatrie ) &#8211; Interview <\/p>\n\n\n\n<p class=\"has-vivid-cyan-blue-color has-text-color\" style=\"font-size:22px\">10.05.2022 &#8211; Hochschule D\u00fcsseldorf &#8211; Vortrag &#8211; &#8222;Empowerment trotz Demenz&#8220; &#8211; Hybrid-Veranstaltung<\/p>\n\n\n\n<p class=\"has-vivid-cyan-blue-color has-text-color\" style=\"font-size:21px\">18.05.2022 &#8211; DZNE Patientenbeirat ( geladene TN)<\/p>\n\n\n\n<p class=\"has-vivid-purple-color has-text-color\" style=\"font-size:22px\">07. &#8211; 09.06.2022 INTEGRA &#8211; Wels &#8211; \u00d6sterreich &#8211; Vortrag und Workshop ( Details \u00fcber  <a href=\"https:\/\/www.integra.at\/aussteller\/downloadbereich\" data-type=\"URL\" data-id=\"https:\/\/www.integra.at\/aussteller\/downloadbereich\" target=\"_blank\" rel=\"noopener\">https:\/\/www.integra.at\/aussteller\/downloadbereich<\/a> ) <\/p>\n\n\n\n<p class=\"has-vivid-purple-color has-text-color\" style=\"font-size:22px\">23.06.2022 Drehtag 3sat \/ ZDF Info<\/p>\n\n\n\n<p class=\"has-vivid-purple-color has-text-color\" style=\"font-size:22px\">27.06.2022 Universit\u00e4t Applied Sciences Krems \/ \u00d6sterreich &#8211; Vortrag \/ Podiumsdiskussion<\/p>\n\n\n\n<p class=\"has-luminous-vivid-amber-color has-text-color has-medium-font-size\">04.07.2022 &#8211; Interview Verlag Neurologie \/ Psychiatrie &#8211; Wien<\/p>\n\n\n\n<p class=\"has-luminous-vivid-amber-color has-text-color has-medium-font-size\">07.07.2022 &#8211; Interview Buchprojekt &#8211; Universit\u00e4t G\u00f6teborg &#8211; Schweden<\/p>\n\n\n\n<p class=\"has-luminous-vivid-amber-color has-text-color has-medium-font-size\">14.07.2022 &#8211; Interview Sente Mente \/ Fachorganisation &#8211; Verona<\/p>\n\n\n\n<p class=\"has-luminous-vivid-amber-color has-text-color has-medium-font-size\">22.07.2022 &#8211;  Workshop Brain Health Unit \/ WHO (virtuell)<\/p>\n\n\n\n<p class=\"has-vivid-green-cyan-color has-text-color\">AUGUST &#8211; Ferienzeit<\/p>\n\n\n\n<p class=\"has-vivid-purple-color has-text-color\" style=\"font-size:22px\">12.09.2022 &#8211; Universit\u00e4t Krems &#8211; &#8222;Demenz Summit Austria&#8220; &#8211; Plenardiskussion<\/p>\n\n\n\n<p class=\"has-vivid-purple-color has-text-color\" style=\"font-size:22px\">17.09.2022 &#8211; Heidenheim Congresszentrum &#8211; Alzheimer BaW\u00fc &#8211; Vortrag<\/p>\n\n\n\n<p class=\"has-vivid-purple-color has-text-color\" style=\"font-size:22px\">21.09.2022 &#8211; WELTALZHEIMERTAG &#8211; Diakonie Gotha \/ Waltershausen &#8211; Vortrag<\/p>\n\n\n\n<p class=\"has-vivid-purple-color has-text-color\" style=\"font-size:22px\">23.09.2022 &#8211; Biberach &#8211; Landratsamt &#8211; Vortrag<\/p>\n\n\n\n<p class=\"has-vivid-purple-color has-text-color\" style=\"font-size:22px\">24.09.2022 &#8211; S\u00fcdosteuropa &#8211; Alzheimerkonferenz Sarajevo &#8211; Keynote<\/p>\n\n\n\n<p class=\"has-vivid-purple-color has-text-color\" style=\"font-size:22px\">26.09.2022 &#8211; Amberg &#8211; <strong>Benefizveranstaltung <\/strong>f\u00fcr Pflegende Angeh\u00f6rige &#8211; Vortrag<\/p>\n\n\n\n<p class=\"has-vivid-purple-color has-text-color\" style=\"font-size:22px\">30.09.2022 &#8211; DAG M\u00fchlheim\/Ruhr &#8211; Pr\u00e4sentation DZNE<\/p>\n\n\n\n<p class=\"has-vivid-green-cyan-color has-text-color\" style=\"font-size:22px\">07.10.2022 &#8211; Finales Interview JATROS ( Jubil\u00e4umsausgabe Neurologie-Psychiatriezeitschrift)<\/p>\n\n\n\n<p class=\"has-vivid-green-cyan-color has-text-color\" style=\"font-size:22px\">20.10.2022 DZNE Workshop online <\/p>\n\n\n\n<p class=\"has-vivid-green-cyan-color has-text-color\" style=\"font-size:22px\">21.10.2022 Uni Krems &#8211; Vorbereitung Workshop<\/p>\n\n\n\n<p class=\"has-vivid-purple-color has-text-color\" style=\"font-size:22px\">04.11.2022 Dementia Summit &#8211; Wien &#8211; Hybridveranstaltung<\/p>\n\n\n\n<p class=\"has-vivid-purple-color has-text-color\" style=\"font-size:24px\">16.11.2022 \/ 29.11.2022 BMBF &#8211; Workshop -virtuell<\/p>\n\n\n\n<p class=\"has-vivid-green-cyan-color has-text-color\" style=\"font-size:24px\">02.12.2022 WHO Brain Health Unit &#8211; virtuell <\/p>\n\n\n\n<p class=\"has-vivid-green-cyan-color has-text-color\" style=\"font-size:24px\">08.12.2022 DZNE &#8211; PreDEM \/ BMBF &#8211; Bonn<\/p>\n\n\n\n<p class=\"has-vivid-green-cyan-color has-text-color\" style=\"font-size:24px\">14.12.2022 Univ. Sao Paolo &#8211; Walk the Talk for Dementia &#8211; virtuell<\/p>\n\n\n\n<p><\/p>\n\n\n\n<p class=\"has-large-font-size\"><em><mark style=\"background-color:rgba(0, 0, 0, 0)\" class=\"has-inline-color has-vivid-red-color\"><strong>Frohes Fest! &#8211; Merry Christmas! <\/strong><\/mark><\/em><\/p>\n\n\n\n<p class=\"has-vivid-cyan-blue-color has-text-color has-large-font-size\">******** 2023 *******<\/p>\n\n\n\n<p class=\"has-vivid-purple-color has-text-color\" style=\"font-size:22px\">10.01.2023 Global Voice Solidarity &#8211; Univ. Sao Paolo<\/p>\n\n\n\n<p class=\"has-vivid-purple-color has-text-color\" style=\"font-size:22px\">20.01.2023 Anniversary DZNE &#8211; Bonn<\/p>\n\n\n\n<p class=\"has-luminous-vivid-amber-color has-text-color\" style=\"font-size:22px\">09.02.2023 Workshop DZNE &#8211; Univ. Witten-Herdecke <\/p>\n\n\n\n<p class=\"has-luminous-vivid-amber-color has-text-color\" style=\"font-size:22px\">16.02.2023 Workshop DZNE &#8211; Univ. Witten Herdecke<\/p>\n\n\n\n<p class=\"has-vivid-green-cyan-color has-text-color\" style=\"font-size:22px\">07.03.2023 Video-Spot &#8211;  DZNE &#8211; Bonn<\/p>\n\n\n\n<p class=\"has-vivid-green-cyan-color has-text-color\" style=\"font-size:22px\">09.03.2023 Project DZNE &#8211; Univ. Witten Herdecke<\/p>\n\n\n\n<p class=\"has-vivid-green-cyan-color has-text-color\" style=\"font-size:22px\">10.03.2023 Workshop Global WHO<\/p>\n\n\n\n<p class=\"has-vivid-green-cyan-color has-text-color\" style=\"font-size:22px\">23.03.2023 Vortrag &#8211; Regenstauf \/ Jahnhalle<\/p>\n\n\n\n<p class=\"has-vivid-purple-color has-text-color\" style=\"font-size:22px\">05.04.2023 Workshop DZNE &#8211; Uni Witten-Herdecke<\/p>\n\n\n\n<p class=\"has-vivid-purple-color has-text-color\" style=\"font-size:22px\">25.04.2023 Workshop DZG Patient Advisory Board <\/p>\n\n\n\n<p class=\"has-vivid-purple-color has-text-color\" style=\"font-size:22px\">26.04.2023 Vortrag &#8211; Fachstelle Demenz Schwaben &#8211; Augsburg<\/p>\n\n\n\n<p class=\"has-luminous-vivid-amber-color has-text-color\" style=\"font-size:22px\">10.05.2023 Vortrag Malteser Stuttgart <\/p>\n\n\n\n<p class=\"has-luminous-vivid-amber-color has-text-color\" style=\"font-size:22px\">11.05.2023 Projektarbeit DZNE &#8211; Uni Witten-Herdecke<\/p>\n\n\n\n<p class=\"has-vivid-green-cyan-color has-text-color\" style=\"font-size:22px\">01.06.2023 Patientenbeirat DZNE &#8211; Uni Witten-Herdecke<\/p>\n\n\n\n<p class=\"has-vivid-green-cyan-color has-text-color\" style=\"font-size:22px\">15.06.2023 Vortrag Landratsamt G\u00fcnzburg<\/p>\n\n\n\n<p class=\"has-vivid-red-color has-text-color\" style=\"font-size:22px\">Alle Veranstaltungen mit genauen Angaben sind zu finden auf: <\/p>\n\n\n\n<p class=\"has-vivid-red-color has-text-color\" style=\"font-size:22px\">Facebook &#8211; Helga Rohra (Profil)<\/p>\n\n\n\n<p><\/p>\n\n\n\n<p class=\"has-vivid-green-cyan-color has-text-color has-x-large-font-size\"><strong>&#8212;&#8212;&#8212;- 2024 &#8212;&#8212;&#8212;-<\/strong><\/p>\n\n\n\n<p class=\"has-vivid-purple-color has-text-color has-large-font-size\">Danke f\u00fcr das entgegengebrachte Vertrauen. <\/p>\n\n\n\n<p class=\"has-vivid-purple-color has-text-color has-large-font-size\">Seit dem 01.07.2023 ist meine Homepage nicht mehr aktiv. <\/p>\n\n\n\n<p class=\"has-vivid-purple-color has-text-color has-large-font-size\">Ab dem 01.01.2024 bin ich erreichbar \u00fcber die Sozialen Medien (Facebook, Instagram)<\/p>\n","protected":false},"excerpt":{"rendered":"<p>&#8212;&#8212; 2021 &#8212;&#8212; 13.01. PensionistenKlub &#8211; Wien Zoom &#8211; Meeting (Meeting Nr. per Messenger \/ E-Mail anfordern) 28.01. WHO &#8211; Expert Panel (nur geladene TN) 22.02.2021 Alzheimer &#8211; Nationalkonferenz Bukarest (Webinar &#8211; nur geladene TN) 25.02.2021 WHO &#8211; Expert Panel Zoom-Meeting (nur geladene TN) 04.03.2021 DZNE &#8211; Movement for pwd &#8211; geladene TN 09.03.2021 Promenz [&hellip;]<\/p>\n","protected":false},"author":3,"featured_media":0,"comment_status":"open","ping_status":"open","sticky":true,"template":"","format":"standard","meta":[],"categories":[7],"tags":[],"_links":{"self":[{"href":"https:\/\/trotzdem.org\/index.php?rest_route=\/wp\/v2\/posts\/276"}],"collection":[{"href":"https:\/\/trotzdem.org\/index.php?rest_route=\/wp\/v2\/posts"}],"about":[{"href":"https:\/\/trotzdem.org\/index.php?rest_route=\/wp\/v2\/types\/post"}],"author":[{"embeddable":true,"href":"https:\/\/trotzdem.org\/index.php?rest_route=\/wp\/v2\/users\/3"}],"replies":[{"embeddable":true,"href":"https:\/\/trotzdem.org\/index.php?rest_route=%2Fwp%2Fv2%2Fcomments&post=276"}],"version-history":[{"count":59,"href":"https:\/\/trotzdem.org\/index.php?rest_route=\/wp\/v2\/posts\/276\/revisions"}],"predecessor-version":[{"id":542,"href":"https:\/\/trotzdem.org\/index.php?rest_route=\/wp\/v2\/posts\/276\/revisions\/542"}],"wp:attachment":[{"href":"https:\/\/trotzdem.org\/index.php?rest_route=%2Fwp%2Fv2%2Fmedia&parent=276"}],"wp:term":[{"taxonomy":"category","embeddable":true,"href":"https:\/\/trotzdem.org\/index.php?rest_route=%2Fwp%2Fv2%2Fcategories&post=276"},{"taxonomy":"post_tag","embeddable":true,"href":"https:\/\/trotzdem.org\/index.php?rest_route=%2Fwp%2Fv2%2Ftags&post=276"}],"curies":[{"name":"wp","href":"https:\/\/api.w.org\/{rel}","templated":true}]}}